{"id":946,"date":"2021-09-24T07:28:00","date_gmt":"2021-09-24T07:28:00","guid":{"rendered":"https:\/\/journalismus-und-mehr.com\/2punkt0\/?p=946"},"modified":"2022-03-03T10:21:46","modified_gmt":"2022-03-03T10:21:46","slug":"wir-schreiben-ein-buch","status":"publish","type":"post","link":"https:\/\/journalismus-und-mehr.com\/2punkt0\/?p=946","title":{"rendered":"Wir schreiben ein Buch"},"content":{"rendered":"\n<p>Kreativ schreiben f\u00fcr Fortgeschrittene<\/p>\n\n\n\n<p><strong>Schorndorf<\/strong>, Nr. Q20120 siehe &gt; <a href=\"http:\/\/www.vhs-schorndorf.de\/\" target=\"_blank\" rel=\"noreferrer noopener\">www.vhs-schorndorf.de<\/a><\/p>\n\n\n\n<p>Die Welt einfangen entlang eines Gegenstandes, der die Besitzer:innen wechselt und damit auch das Milieu. Alles ist m\u00f6glich, muss aber abgestimmt und \u201everzahnt\u201c werden. Dieser Aufgabe stellen wir uns, wobei in gegenseitiger Unterst\u00fctzung je Teilnehmer:in ein Kapitel zu entwickeln ist. Zum Auftakt legen wir die Koordinaten fest (Pr\u00e4senzunterricht), dann folgen Zoom-Konferenzen. Je nach Stand des Experiments k\u00f6nnen zus\u00e4tzliche Termine angeh\u00e4ngt werden. Es ist n\u00fctzlich, zuvor \u201eAus dem Leben einer Matratze bester Machart\u201c (Tim Krohn) und\/oder \u201eDer Hut des Pr\u00e4sidenten\u201c (<a href=\"https:\/\/www.amazon.de\/Antoine-Laurain\/e\/B00AR0HDNU\/ref=dp_byline_cont_ebooks_1\">Antoine Laurain<\/a>) gelesen zu haben. Fragen vorab &gt; <a href=\"mailto:info@memoreporting.com\">info@memoreporting.com<\/a><\/p>\n\n\n\n<p>Start Pr\u00e4senz-Unterricht: 20.11.2021 &gt; 13 \u2013 16.45 Uhr&nbsp;<\/p>\n\n\n\n<p>Zoom-Treffen: 1.12. + 15.12.2021 &gt; 18.30 \u2013 20.45 Uhr ( 2 x 3 UE)<\/p>\n\n\n","protected":false},"excerpt":{"rendered":"<p>Kreativ schreiben f\u00fcr Fortgeschrittene Schorndorf, Nr. Q20120 siehe &gt; www.vhs-schorndorf.de Die Welt einfangen entlang eines Gegenstandes, der die Besitzer:innen wechselt und damit auch das Milieu. Alles ist m\u00f6glich, muss aber abgestimmt und \u201everzahnt\u201c werden. Dieser Aufgabe stellen wir uns, wobei in gegenseitiger Unterst\u00fctzung je Teilnehmer:in ein Kapitel zu entwickeln ist. Zum Auftakt legen wir die [&hellip;]<\/p>\n","protected":false},"author":1,"featured_media":0,"comment_status":"closed","ping_status":"closed","sticky":false,"template":"","format":"standard","meta":{"footnotes":""},"categories":[9],"tags":[],"class_list":{"0":"post-946","1":"post","2":"type-post","3":"status-publish","4":"format-standard","6":"category-rueckblick","7":"czr-hentry"},"_links":{"self":[{"href":"https:\/\/journalismus-und-mehr.com\/2punkt0\/index.php?rest_route=\/wp\/v2\/posts\/946","targetHints":{"allow":["GET"]}}],"collection":[{"href":"https:\/\/journalismus-und-mehr.com\/2punkt0\/index.php?rest_route=\/wp\/v2\/posts"}],"about":[{"href":"https:\/\/journalismus-und-mehr.com\/2punkt0\/index.php?rest_route=\/wp\/v2\/types\/post"}],"author":[{"embeddable":true,"href":"https:\/\/journalismus-und-mehr.com\/2punkt0\/index.php?rest_route=\/wp\/v2\/users\/1"}],"replies":[{"embeddable":true,"href":"https:\/\/journalismus-und-mehr.com\/2punkt0\/index.php?rest_route=%2Fwp%2Fv2%2Fcomments&post=946"}],"version-history":[{"count":1,"href":"https:\/\/journalismus-und-mehr.com\/2punkt0\/index.php?rest_route=\/wp\/v2\/posts\/946\/revisions"}],"predecessor-version":[{"id":947,"href":"https:\/\/journalismus-und-mehr.com\/2punkt0\/index.php?rest_route=\/wp\/v2\/posts\/946\/revisions\/947"}],"wp:attachment":[{"href":"https:\/\/journalismus-und-mehr.com\/2punkt0\/index.php?rest_route=%2Fwp%2Fv2%2Fmedia&parent=946"}],"wp:term":[{"taxonomy":"category","embeddable":true,"href":"https:\/\/journalismus-und-mehr.com\/2punkt0\/index.php?rest_route=%2Fwp%2Fv2%2Fcategories&post=946"},{"taxonomy":"post_tag","embeddable":true,"href":"https:\/\/journalismus-und-mehr.com\/2punkt0\/index.php?rest_route=%2Fwp%2Fv2%2Ftags&post=946"}],"curies":[{"name":"wp","href":"https:\/\/api.w.org\/{rel}","templated":true}]}}