{"id":811,"date":"2020-08-24T16:36:13","date_gmt":"2020-08-24T16:36:13","guid":{"rendered":"https:\/\/journalismus-und-mehr.com\/2punkt0\/?p=811"},"modified":"2021-01-18T17:26:23","modified_gmt":"2021-01-18T17:26:23","slug":"jung-ideale-aufbruch","status":"publish","type":"post","link":"https:\/\/journalismus-und-mehr.com\/2punkt0\/?p=811","title":{"rendered":"Kreativ schreiben f\u00fcr Anf\u00e4ngerInnen und Fortgeschrittene"},"content":{"rendered":"\n<div class=\"wp-block-columns is-layout-flex wp-container-core-columns-is-layout-1 wp-block-columns-is-layout-flex\">\n<div class=\"wp-block-column is-layout-flow wp-block-column-is-layout-flow\" style=\"flex-basis:45%\">\n<p><strong><em>Jung \u2013 Ideale &#8211; Aufbruch<\/em><\/strong><br><\/p>\n\n\n\n<p>Jugendliche sind oft voller Elan und engagieren sich, bevor sie von Berufs- und Familienpflichten absorbiert werden. Wir begeben uns auf Spurensuche, welche Frauen schon fr\u00fchzeitig von sich reden machten, welche Tr\u00e4ume sie hatten und wodurch sie den Zeitgeist pr\u00e4gten. Wir lassen uns inspirieren und kommen vielleicht zu spannenden Utopien, indem wir einst &amp; heute verschr\u00e4nken. Recherche-\u00dcbungen &amp; Lockerungsspiele inbegriffen! Das Seminar endet mit einer Online-Sequenz, die beim letzten Treffen erl\u00e4utert wird und bei freier Zeiteinteilung bis Ende Januar dauert. (Vorschl\u00e4ge f\u00fcr zwei \u201e Impulsgeberinnen \u2013 j\u00fcnger als 35\u201c bitte mitbringen.) <\/p>\n\n\n\n<p><strong>VHS Schorndorf<\/strong><\/p>\n\n\n\n<p><strong><em>Start = Samstag, 17.10. <\/em><\/strong>&gt; 14 &#8211; 17 Uhr, dann 11.11.+9.12. jeweils 18.30 \u2013 21 Uhr<\/p>\n\n\n\n<ul class=\"wp-block-list\"><li>ONLINE-Sequenz bis Semester-Ende<\/li><\/ul>\n\n\n<\/div>\n\n\n\n<div class=\"wp-block-column is-layout-flow wp-block-column-is-layout-flow\">\n<p><strong><em>Vergiss die Freude nicht<\/em><\/strong><\/p>\n\n\n\n<p>Welch eine Aufforderung! Google bringt dazu 952.000 Ergebnisse in<br>0,44 Sekunden (am 23.3 2020), darunter den Weltbestseller von Phil<br>Bosmann sowie den Song von Nana Mouskouri. Wir erinnern uns an den<br>Jubel zum Mauerfall in Berlin, feiern den Jubilar Volkshochschule und<br>jubilieren \u00fcber den ersten Zahn des Kindes. Erfolgsgeschichten mit<br>Durchhalteverm\u00f6gen sind ein Thema, zu dem sich vortrefflich schreiben<br>l\u00e4sst! Lockerungs\u00fcbungen inbegriffen.<\/p>\n\n\n\n<p><br><strong>VHS Unteres Remstal<\/strong><\/p>\n\n\n\n<p><strong>Mittwochs <\/strong>&gt; 30.9. + 4. + 25.11.2020 \u2013 18.30<br>bis 20.45 Uhr<\/p>\n<\/div>\n<\/div>\n\n\n\n<hr class=\"wp-block-separator has-text-color has-background has-black-background-color has-black-color\"\/>\n\n\n\n<p><strong><em>In Vorbereitung:<\/em><\/strong> <strong><span style=\"color:#0693e3\" class=\"tadv-color\">Familiengeschichten, Biografien \u2026<\/span><\/strong><\/p>\n\n\n\n<p>Wie erschlie\u00dfe ich Quellen, wie gliedere ich die Erinnerungen, worauf muss ich R\u00fccksicht nehmen?<\/p>\n\n\n\n<p>Interessiere k\u00f6nnen sich bereits vormerken lassen.<\/p>\n\n\n\n<p>Start-Termin und Ort werden rechtzeitig bekannt gegeben.<\/p>\n","protected":false},"excerpt":{"rendered":"<p>Jung \u2013 Ideale &#8211; Aufbruch Jugendliche sind oft voller Elan und engagieren sich, bevor sie von Berufs- und Familienpflichten absorbiert werden. Wir begeben uns auf Spurensuche, welche Frauen schon fr\u00fchzeitig von sich reden machten, welche Tr\u00e4ume sie hatten und wodurch sie den Zeitgeist pr\u00e4gten. Wir lassen uns inspirieren und kommen vielleicht zu spannenden Utopien, indem [&hellip;]<\/p>\n","protected":false},"author":1,"featured_media":0,"comment_status":"closed","ping_status":"closed","sticky":false,"template":"","format":"standard","meta":{"footnotes":""},"categories":[9],"tags":[],"class_list":{"0":"post-811","1":"post","2":"type-post","3":"status-publish","4":"format-standard","6":"category-rueckblick","7":"czr-hentry"},"_links":{"self":[{"href":"https:\/\/journalismus-und-mehr.com\/2punkt0\/index.php?rest_route=\/wp\/v2\/posts\/811","targetHints":{"allow":["GET"]}}],"collection":[{"href":"https:\/\/journalismus-und-mehr.com\/2punkt0\/index.php?rest_route=\/wp\/v2\/posts"}],"about":[{"href":"https:\/\/journalismus-und-mehr.com\/2punkt0\/index.php?rest_route=\/wp\/v2\/types\/post"}],"author":[{"embeddable":true,"href":"https:\/\/journalismus-und-mehr.com\/2punkt0\/index.php?rest_route=\/wp\/v2\/users\/1"}],"replies":[{"embeddable":true,"href":"https:\/\/journalismus-und-mehr.com\/2punkt0\/index.php?rest_route=%2Fwp%2Fv2%2Fcomments&post=811"}],"version-history":[{"count":11,"href":"https:\/\/journalismus-und-mehr.com\/2punkt0\/index.php?rest_route=\/wp\/v2\/posts\/811\/revisions"}],"predecessor-version":[{"id":872,"href":"https:\/\/journalismus-und-mehr.com\/2punkt0\/index.php?rest_route=\/wp\/v2\/posts\/811\/revisions\/872"}],"wp:attachment":[{"href":"https:\/\/journalismus-und-mehr.com\/2punkt0\/index.php?rest_route=%2Fwp%2Fv2%2Fmedia&parent=811"}],"wp:term":[{"taxonomy":"category","embeddable":true,"href":"https:\/\/journalismus-und-mehr.com\/2punkt0\/index.php?rest_route=%2Fwp%2Fv2%2Fcategories&post=811"},{"taxonomy":"post_tag","embeddable":true,"href":"https:\/\/journalismus-und-mehr.com\/2punkt0\/index.php?rest_route=%2Fwp%2Fv2%2Ftags&post=811"}],"curies":[{"name":"wp","href":"https:\/\/api.w.org\/{rel}","templated":true}]}}