{"id":784,"date":"2020-01-22T12:45:29","date_gmt":"2020-01-22T12:45:29","guid":{"rendered":"https:\/\/journalismus-und-mehr.com\/2punkt0\/?p=784"},"modified":"2020-08-24T21:51:09","modified_gmt":"2020-08-24T21:51:09","slug":"tu-du-sommeratelier-2020","status":"publish","type":"post","link":"https:\/\/journalismus-und-mehr.com\/2punkt0\/?p=784","title":{"rendered":"TU DU Sommeratelier 2020"},"content":{"rendered":"<p>TU DU <strong><u>Sommeratelier 2020<\/u><\/strong><\/p>\n<p>VHS Unteres Remstal, Waiblingen, 1. und 8.8.2020<\/p>\n<p>Dschungel. Menschen gehen gern auf Entdeckungsreisen \u2013 auch in ihr Innerstes. Um sich im Unterholz der Gef\u00fchle &amp; Eindr\u00fccke nicht zu verirren, verf\u00fcgen wir \u00fcber Worte. Damit Pfade bahnen und farbenfrohe Vielfalt hervorzaubern, ist unser Anliegen. Selbst Geheimnisse bed\u00fcrfen der Sprache, um gut verpackt zu werden. Wir trainieren Sprachgef\u00fchl und Textst\u00e4rke, um genau das ausdr\u00fccken zu k\u00f6nnen, was uns bewegt. Riskante Momente&nbsp; schrecken uns nicht, denn das Bunte soll siegen und das Undurchdringliche seinen Frieden behalten. Nat\u00fcrlich geh\u00f6ren auch Lockerungs\u00fcbungen dazu!<\/p>\n","protected":false},"excerpt":{"rendered":"<p>TU DU Sommeratelier 2020 VHS Unteres Remstal, Waiblingen, 1. und 8.8.2020 Dschungel. Menschen gehen gern auf Entdeckungsreisen \u2013 auch in ihr Innerstes. Um sich im Unterholz der Gef\u00fchle &amp; Eindr\u00fccke nicht zu verirren, verf\u00fcgen wir \u00fcber Worte. Damit Pfade bahnen und farbenfrohe Vielfalt hervorzaubern, ist unser Anliegen. Selbst Geheimnisse bed\u00fcrfen der Sprache, um gut verpackt [&hellip;]<\/p>\n","protected":false},"author":1,"featured_media":0,"comment_status":"closed","ping_status":"closed","sticky":false,"template":"","format":"standard","meta":{"footnotes":""},"categories":[10],"tags":[],"class_list":{"0":"post-784","1":"post","2":"type-post","3":"status-publish","4":"format-standard","6":"category-archiv","7":"czr-hentry"},"_links":{"self":[{"href":"https:\/\/journalismus-und-mehr.com\/2punkt0\/index.php?rest_route=\/wp\/v2\/posts\/784","targetHints":{"allow":["GET"]}}],"collection":[{"href":"https:\/\/journalismus-und-mehr.com\/2punkt0\/index.php?rest_route=\/wp\/v2\/posts"}],"about":[{"href":"https:\/\/journalismus-und-mehr.com\/2punkt0\/index.php?rest_route=\/wp\/v2\/types\/post"}],"author":[{"embeddable":true,"href":"https:\/\/journalismus-und-mehr.com\/2punkt0\/index.php?rest_route=\/wp\/v2\/users\/1"}],"replies":[{"embeddable":true,"href":"https:\/\/journalismus-und-mehr.com\/2punkt0\/index.php?rest_route=%2Fwp%2Fv2%2Fcomments&post=784"}],"version-history":[{"count":3,"href":"https:\/\/journalismus-und-mehr.com\/2punkt0\/index.php?rest_route=\/wp\/v2\/posts\/784\/revisions"}],"predecessor-version":[{"id":814,"href":"https:\/\/journalismus-und-mehr.com\/2punkt0\/index.php?rest_route=\/wp\/v2\/posts\/784\/revisions\/814"}],"wp:attachment":[{"href":"https:\/\/journalismus-und-mehr.com\/2punkt0\/index.php?rest_route=%2Fwp%2Fv2%2Fmedia&parent=784"}],"wp:term":[{"taxonomy":"category","embeddable":true,"href":"https:\/\/journalismus-und-mehr.com\/2punkt0\/index.php?rest_route=%2Fwp%2Fv2%2Fcategories&post=784"},{"taxonomy":"post_tag","embeddable":true,"href":"https:\/\/journalismus-und-mehr.com\/2punkt0\/index.php?rest_route=%2Fwp%2Fv2%2Ftags&post=784"}],"curies":[{"name":"wp","href":"https:\/\/api.w.org\/{rel}","templated":true}]}}