{"id":782,"date":"2020-01-22T12:44:12","date_gmt":"2020-01-22T12:44:12","guid":{"rendered":"https:\/\/journalismus-und-mehr.com\/2punkt0\/?p=782"},"modified":"2020-08-24T21:51:16","modified_gmt":"2020-08-24T21:51:16","slug":"poesie-im-herbst-vielstimmig-und-bunt","status":"publish","type":"post","link":"https:\/\/journalismus-und-mehr.com\/2punkt0\/?p=782","title":{"rendered":"Poesie im Herbst, vielstimmig und bunt"},"content":{"rendered":"<p><strong>Lesung am 23.9.2019 &#8211;<span style=\"font-size: 14pt; color: #ff0000;\"> f\u00e4llt aus<\/span><\/strong><\/p>\n<p>VHS, Stadtpark Schorndorf, Freiluftk\u00fcche <span style=\"font-size: 14pt;\">&#8211; <span style=\"color: #ff0000;\">f\u00e4llt aus<\/span><\/span><\/p>\n<p>Poesie im Herbst, vielstimmig und bunt<\/p>\n<p>\u201eWege &amp; Zweifel\u201c \u2013 von immobil zu mobil und zur\u00fcck: Die Gruppe 7punkt3 f\u00fchlt sich sowohl von alten Zeiten als auch vom temporeichen Leben heute inspiriert. Im Semester davor ging es um Widerspenstiges sowie die Ann\u00e4herung an Fremde(s). Eine Vielfalt von Ideen will im \u201ekreativen Schreiben\u201c geb\u00e4ndigt werden. F\u00fcr diese Disziplin \u201ebrennen\u201c die Wortk\u00fcnstler*innen, was sie schon bei drei Lesungen unter Beweis stellten. Nun \u00fcberraschen sie erneut mit Kostproben (Prosa &amp; Lyrik) aus ihrem Fundus. Beginn 19, Ende ca. 21.30 Uhr.<\/p>\n","protected":false},"excerpt":{"rendered":"<p>Lesung am 23.9.2019 &#8211; f\u00e4llt aus VHS, Stadtpark Schorndorf, Freiluftk\u00fcche &#8211; f\u00e4llt aus Poesie im Herbst, vielstimmig und bunt \u201eWege &amp; Zweifel\u201c \u2013 von immobil zu mobil und zur\u00fcck: Die Gruppe 7punkt3 f\u00fchlt sich sowohl von alten Zeiten als auch vom temporeichen Leben heute inspiriert. Im Semester davor ging es um Widerspenstiges sowie die Ann\u00e4herung [&hellip;]<\/p>\n","protected":false},"author":1,"featured_media":0,"comment_status":"closed","ping_status":"closed","sticky":false,"template":"","format":"standard","meta":{"footnotes":""},"categories":[10],"tags":[],"class_list":{"0":"post-782","1":"post","2":"type-post","3":"status-publish","4":"format-standard","6":"category-archiv","7":"czr-hentry"},"_links":{"self":[{"href":"https:\/\/journalismus-und-mehr.com\/2punkt0\/index.php?rest_route=\/wp\/v2\/posts\/782","targetHints":{"allow":["GET"]}}],"collection":[{"href":"https:\/\/journalismus-und-mehr.com\/2punkt0\/index.php?rest_route=\/wp\/v2\/posts"}],"about":[{"href":"https:\/\/journalismus-und-mehr.com\/2punkt0\/index.php?rest_route=\/wp\/v2\/types\/post"}],"author":[{"embeddable":true,"href":"https:\/\/journalismus-und-mehr.com\/2punkt0\/index.php?rest_route=\/wp\/v2\/users\/1"}],"replies":[{"embeddable":true,"href":"https:\/\/journalismus-und-mehr.com\/2punkt0\/index.php?rest_route=%2Fwp%2Fv2%2Fcomments&post=782"}],"version-history":[{"count":2,"href":"https:\/\/journalismus-und-mehr.com\/2punkt0\/index.php?rest_route=\/wp\/v2\/posts\/782\/revisions"}],"predecessor-version":[{"id":809,"href":"https:\/\/journalismus-und-mehr.com\/2punkt0\/index.php?rest_route=\/wp\/v2\/posts\/782\/revisions\/809"}],"wp:attachment":[{"href":"https:\/\/journalismus-und-mehr.com\/2punkt0\/index.php?rest_route=%2Fwp%2Fv2%2Fmedia&parent=782"}],"wp:term":[{"taxonomy":"category","embeddable":true,"href":"https:\/\/journalismus-und-mehr.com\/2punkt0\/index.php?rest_route=%2Fwp%2Fv2%2Fcategories&post=782"},{"taxonomy":"post_tag","embeddable":true,"href":"https:\/\/journalismus-und-mehr.com\/2punkt0\/index.php?rest_route=%2Fwp%2Fv2%2Ftags&post=782"}],"curies":[{"name":"wp","href":"https:\/\/api.w.org\/{rel}","templated":true}]}}