{"id":763,"date":"2019-08-11T16:05:20","date_gmt":"2019-08-11T16:05:20","guid":{"rendered":"https:\/\/journalismus-und-mehr.com\/2punkt0\/?p=763"},"modified":"2020-08-24T21:51:23","modified_gmt":"2020-08-24T21:51:23","slug":"termine-herbst-2019-2","status":"publish","type":"post","link":"https:\/\/journalismus-und-mehr.com\/2punkt0\/?p=763","title":{"rendered":"Termine Herbst 2019"},"content":{"rendered":"<h3>Schreiben wollte ich schon immer<\/h3>\n<p>Steckt hinter jedem gefeierten Roman ein \u201eGenie\u201c?\u00a0Nein!<br \/>\nAuch ein \u201eGenie\u201c l\u00e4sst sich von G\u00e4nsebl\u00fcmchen oder Zeitungsmeldungen inspirieren,<br \/>\nund alle SchriftstellerInnen \u00fcberarbeiten mehrmals ihre Texte.<br \/>\nSchreiben hei\u00dft anfangen, dem eigenen Ton zu vertrauen, dabei zwar einige Regeln zu beherzigen,<br \/>\naber dennoch immer wieder Experimente zu wagen.<br \/>\nLassen Sie uns gemeinsam anfangen!<\/p>\n<p><b>N\u00f6rdlingen: <\/b><b>Die Themen fliegen uns zu\u00a0 \u2192 f\u00e4llt aus<\/b><\/p>\n<h3 style=\"font-weight: 400;\"><strong>Widerspenstiges z\u00e4hmen<\/strong><\/h3>\n<p style=\"font-weight: 400;\">Wenn aus Gegnern Freunde geworden sind, erklingt ein neuer Ton. Beim Tagebuchschreiben ist er zu h\u00f6ren, sobald die Einsicht in die zwei Seiten einer Medaille w\u00e4chst. Plus und Minus, Geben und Nehmen werden sichtbar \u2013 fesselnd und dennoch freischwebend. Die Literatur ist voll von Widersachern und Widerspenstigem. Das schafft Spannung auf dem Weg zu neuen Horizonten. Wir experimentieren damit, trainieren Sprachgef\u00fchl und Textst\u00e4rke, g\u00f6nnen uns Lockerungs\u00fcbungen und lernen, unserem Ton zu vertrauen und Grenzen spielerisch zu \u00fcberwinden. Das Seminar endet mit einer Online-Sequenz, die beim letzten Treffen erl\u00e4utert wird und bei freier Zeiteinteilung bis Ende Januar dauert.<\/p>\n<ul>\n<li><b>Schorndorf:\u00a0\u00a0<\/b>Termine: 9.10.; 23.10.; 20.11.; 4.12.. jeweils von 18.30 bis 20.45 Uhr + ONLINE-Sequenz<\/li>\n<li><b>NEU VHS Herrenberg \u2013 Kurs mit Alexandra Fauth: <\/b>12.11.2019, 18.30 &#8211; 20.00 Uhr &#8211; N\u00e4heres hier:\u00a0<a href=\"http:\/\/vhs.herrenberg.de\/\" target=\"_blank\" rel=\"noopener noreferrer\" data-saferedirecturl=\"https:\/\/www.google.com\/url?q=http:\/\/vhs.herrenberg.de\/&amp;source=gmail&amp;ust=1565529677740000&amp;usg=AFQjCNHJKpjAvECULtB3SAx_1_8aroYxKA\">&gt;&gt; vhs.herrenberg.de<\/a><\/li>\n<li><strong>NEU VHS Stetten\/Unteres Remstal:<\/strong> Termine: 13.11. und 11.12., jeweils vom 18.30 bis 20.45 Uhr<\/li>\n<\/ul>\n<p>&nbsp;<\/p>\n","protected":false},"excerpt":{"rendered":"<p>Schreiben wollte ich schon immer Steckt hinter jedem gefeierten Roman ein \u201eGenie\u201c?\u00a0Nein! Auch ein \u201eGenie\u201c l\u00e4sst sich von G\u00e4nsebl\u00fcmchen oder Zeitungsmeldungen inspirieren, und alle SchriftstellerInnen \u00fcberarbeiten mehrmals ihre Texte. Schreiben hei\u00dft anfangen, dem eigenen Ton zu vertrauen, dabei zwar einige Regeln zu beherzigen, aber dennoch immer wieder Experimente zu wagen. Lassen Sie uns gemeinsam anfangen! [&hellip;]<\/p>\n","protected":false},"author":1,"featured_media":0,"comment_status":"closed","ping_status":"closed","sticky":false,"template":"","format":"standard","meta":{"footnotes":""},"categories":[10],"tags":[],"class_list":{"0":"post-763","1":"post","2":"type-post","3":"status-publish","4":"format-standard","6":"category-archiv","7":"czr-hentry"},"_links":{"self":[{"href":"https:\/\/journalismus-und-mehr.com\/2punkt0\/index.php?rest_route=\/wp\/v2\/posts\/763","targetHints":{"allow":["GET"]}}],"collection":[{"href":"https:\/\/journalismus-und-mehr.com\/2punkt0\/index.php?rest_route=\/wp\/v2\/posts"}],"about":[{"href":"https:\/\/journalismus-und-mehr.com\/2punkt0\/index.php?rest_route=\/wp\/v2\/types\/post"}],"author":[{"embeddable":true,"href":"https:\/\/journalismus-und-mehr.com\/2punkt0\/index.php?rest_route=\/wp\/v2\/users\/1"}],"replies":[{"embeddable":true,"href":"https:\/\/journalismus-und-mehr.com\/2punkt0\/index.php?rest_route=%2Fwp%2Fv2%2Fcomments&post=763"}],"version-history":[{"count":8,"href":"https:\/\/journalismus-und-mehr.com\/2punkt0\/index.php?rest_route=\/wp\/v2\/posts\/763\/revisions"}],"predecessor-version":[{"id":776,"href":"https:\/\/journalismus-und-mehr.com\/2punkt0\/index.php?rest_route=\/wp\/v2\/posts\/763\/revisions\/776"}],"wp:attachment":[{"href":"https:\/\/journalismus-und-mehr.com\/2punkt0\/index.php?rest_route=%2Fwp%2Fv2%2Fmedia&parent=763"}],"wp:term":[{"taxonomy":"category","embeddable":true,"href":"https:\/\/journalismus-und-mehr.com\/2punkt0\/index.php?rest_route=%2Fwp%2Fv2%2Fcategories&post=763"},{"taxonomy":"post_tag","embeddable":true,"href":"https:\/\/journalismus-und-mehr.com\/2punkt0\/index.php?rest_route=%2Fwp%2Fv2%2Ftags&post=763"}],"curies":[{"name":"wp","href":"https:\/\/api.w.org\/{rel}","templated":true}]}}