{"id":52,"date":"2019-02-18T22:04:28","date_gmt":"2019-02-18T22:04:28","guid":{"rendered":"https:\/\/journalismus-und-mehr.com\/2punkt0\/?p=52"},"modified":"2020-08-24T21:51:31","modified_gmt":"2020-08-24T21:51:31","slug":"termine-herbst-2019","status":"publish","type":"post","link":"https:\/\/journalismus-und-mehr.com\/2punkt0\/?p=52","title":{"rendered":"Termine Fr\u00fchjahr 2019"},"content":{"rendered":"<div class=\"buchbox\">\n<h3>Schreiben wollte ich schon immer<\/h3>\n<p>Steckt hinter jedem gefeierten Roman ein &#8222;Genie&#8220;? <span style=\"font-family: impact, sans-serif;\">Nein<\/span>!<br \/>\nAuch ein &#8222;Genie&#8220; l\u00e4sst sich von G\u00e4nsebl\u00fcmchen oder Zeitungsmeldungen inspirieren,<br \/>\nund alle SchriftstellerInnen \u00fcberarbeiten mehrmals ihre Texte.<br \/>\nSchreiben hei\u00dft anfangen, dem eigenen Ton zu vertrauen, dabei zwar einige Regeln zu beherzigen,<br \/>\naber dennoch immer wieder Experimente zu wagen.<br \/>\nLassen Sie uns gemeinsam anfangen!<\/p>\n<table class=\"lesehimmel\">\n<tbody>\n<tr>\n<td class=\"lesehimmel-lr\"><b>N\u00f6rdlingen:\u00a0\u00a0\u00a0<\/b><\/td>\n<td class=\"lesehimmel-lr\"><b>Die Themen fliegen uns zu<\/b><br \/>\nSamstags, 18.5. + 29.6.2019, 14 bis 16.30 Uhr<\/td>\n<\/tr>\n<tr>\n<td class=\"lesehimmel-lr\"><b>Schorndorf:\u00a0\u00a0\u00a0<\/b><\/td>\n<td class=\"lesehimmel-lr\"><b>Schreiben mit allen Sinnen<\/b><br \/>\n10.4. \/ 15.5. \/ 5.6. \/ 3.7.2019, Mittwochs, 18.30 \u2013 20.45 Uhr<\/td>\n<\/tr>\n<tr>\n<td class=\"lesehimmel-lr\"><b>Waiblingen<br \/>\nB\u00fcrgerm\u00fchlenweg 4<br \/>\nvhs, R. 2.17<\/b><\/td>\n<td class=\"lesehimmel-lr\"><b>Wir schreiben uns das Leben sch\u00f6n<\/b><br \/>\nSamstag, 27.07.2019, 12.00-13.45 Uhr<br \/>\nSamstag, 03.08.2019, 09.15-11.00 Uhr<br \/>\nDonnerstag, 08.08.2019, 19.00-20.45 Uhr, 3-mal<\/td>\n<\/tr>\n<tr>\n<td><b>NEU<br \/>\nVHS Herrenberg \u2013 Kurs mit Alexandra Fauth<\/b><\/td>\n<td>12.3. + 2.4.2019 -18.45 \u2013 20.15 Uhr<br \/>\nN\u00e4heres hier:\u00a0<a href=\"http:\/\/vhs.herrenberg.de\/\" target=\"_blank\" rel=\"noopener noreferrer\">&gt;&gt; vhs.herrenberg.de<\/a><\/td>\n<\/tr>\n<\/tbody>\n<\/table>\n<\/div>\n","protected":false},"excerpt":{"rendered":"<p>Schreiben wollte ich schon immer Steckt hinter jedem gefeierten Roman ein &#8222;Genie&#8220;? Nein! Auch ein &#8222;Genie&#8220; l\u00e4sst sich von G\u00e4nsebl\u00fcmchen oder Zeitungsmeldungen inspirieren, und alle SchriftstellerInnen \u00fcberarbeiten mehrmals ihre Texte. Schreiben hei\u00dft anfangen, dem eigenen Ton zu vertrauen, dabei zwar einige Regeln zu beherzigen, aber dennoch immer wieder Experimente zu wagen. Lassen Sie uns gemeinsam [&hellip;]<\/p>\n","protected":false},"author":1,"featured_media":0,"comment_status":"closed","ping_status":"closed","sticky":false,"template":"","format":"standard","meta":{"footnotes":""},"categories":[10],"tags":[],"class_list":{"0":"post-52","1":"post","2":"type-post","3":"status-publish","4":"format-standard","6":"category-archiv","7":"czr-hentry"},"_links":{"self":[{"href":"https:\/\/journalismus-und-mehr.com\/2punkt0\/index.php?rest_route=\/wp\/v2\/posts\/52","targetHints":{"allow":["GET"]}}],"collection":[{"href":"https:\/\/journalismus-und-mehr.com\/2punkt0\/index.php?rest_route=\/wp\/v2\/posts"}],"about":[{"href":"https:\/\/journalismus-und-mehr.com\/2punkt0\/index.php?rest_route=\/wp\/v2\/types\/post"}],"author":[{"embeddable":true,"href":"https:\/\/journalismus-und-mehr.com\/2punkt0\/index.php?rest_route=\/wp\/v2\/users\/1"}],"replies":[{"embeddable":true,"href":"https:\/\/journalismus-und-mehr.com\/2punkt0\/index.php?rest_route=%2Fwp%2Fv2%2Fcomments&post=52"}],"version-history":[{"count":19,"href":"https:\/\/journalismus-und-mehr.com\/2punkt0\/index.php?rest_route=\/wp\/v2\/posts\/52\/revisions"}],"predecessor-version":[{"id":153,"href":"https:\/\/journalismus-und-mehr.com\/2punkt0\/index.php?rest_route=\/wp\/v2\/posts\/52\/revisions\/153"}],"wp:attachment":[{"href":"https:\/\/journalismus-und-mehr.com\/2punkt0\/index.php?rest_route=%2Fwp%2Fv2%2Fmedia&parent=52"}],"wp:term":[{"taxonomy":"category","embeddable":true,"href":"https:\/\/journalismus-und-mehr.com\/2punkt0\/index.php?rest_route=%2Fwp%2Fv2%2Fcategories&post=52"},{"taxonomy":"post_tag","embeddable":true,"href":"https:\/\/journalismus-und-mehr.com\/2punkt0\/index.php?rest_route=%2Fwp%2Fv2%2Ftags&post=52"}],"curies":[{"name":"wp","href":"https:\/\/api.w.org\/{rel}","templated":true}]}}