{"id":447,"date":"2009-05-13T17:04:24","date_gmt":"2009-05-13T17:04:24","guid":{"rendered":"https:\/\/journalismus-und-mehr.com\/2punkt0\/?p=447"},"modified":"2019-03-14T13:40:15","modified_gmt":"2019-03-14T13:40:15","slug":"das-groesste-glueck-ist-an-sich-selbst-zu-glauben","status":"publish","type":"post","link":"https:\/\/journalismus-und-mehr.com\/2punkt0\/?p=447","title":{"rendered":"\u00bbDas gr\u00f6\u00dfte Gl\u00fcck ist, an sich selbst zu glauben\u00ab"},"content":{"rendered":"<div class=\"buchbox\"><b>B\u00fccher von Frauen aus verschiedenen L\u00e4ndern<\/b>Die bevorstehende Europa-Wahl ist ein willkommener Anlass, nach bemerkenswerten Schriftstellerinnen aus europ\u00e4ischen L\u00e4ndern Ausschau zu halten! Lange Zeit galt es nicht als schicklich, dass Frauen publizierten bzw. ihre Texte mit ihrem Namen kennzeichneten. Seit 1901 wurden 105 Literaturpreise vergeben, nur elf davon nicht an M\u00e4nner. In der EU leben 250 Millionen Frauen &#8211; wie viele davon erheben ihre Stimme in der \u00d6ffentlichkeit, wie viele ver\u00f6ffentlichen Fakten, Fiktives, Gef\u00fchltes? \u201eDas gr\u00f6\u00dfte Gl\u00fcck ist, an sich selbst zu glauben\u201d, sagte Selma Lagerl\u00f6f (1858-1940), die als erste Frau 1909 den Literaturnobelpreis bekam. Zu diesem Zeitpunkt besa\u00dfen die deutschen Frauen noch nicht einmal das Wahlrecht!! Die Journalistin und Ghostwriterin Renate Schauer aus Aichwald-Lobenrot hat Vergangenheit und Gegenwart unter dem Blickwinkel \u201eEuropa &amp; schreibende Frauen\u201d durchk\u00e4mmt und berichtet \u00fcber ihre Entdeckungen.<\/p>\n<p>&nbsp;<\/p>\n<p>13.5.2009 Aichwald<br \/>\n21.3.2009 Murrhardt<\/p>\n<p><img loading=\"lazy\" decoding=\"async\" class=\"alignnone size-medium wp-image-448\" src=\"https:\/\/journalismus-und-mehr.com\/2punkt0\/wp-content\/uploads\/20090321-01-584x600.jpg\" alt=\"\" width=\"584\" height=\"600\" srcset=\"https:\/\/journalismus-und-mehr.com\/2punkt0\/wp-content\/uploads\/20090321-01-584x600.jpg 584w, https:\/\/journalismus-und-mehr.com\/2punkt0\/wp-content\/uploads\/20090321-01-768x789.jpg 768w, https:\/\/journalismus-und-mehr.com\/2punkt0\/wp-content\/uploads\/20090321-01-997x1024.jpg 997w, https:\/\/journalismus-und-mehr.com\/2punkt0\/wp-content\/uploads\/20090321-01-570x585.jpg 570w, https:\/\/journalismus-und-mehr.com\/2punkt0\/wp-content\/uploads\/20090321-01.jpg 1072w\" sizes=\"auto, (max-width: 584px) 100vw, 584px\" \/><img loading=\"lazy\" decoding=\"async\" class=\"alignnone size-medium wp-image-449\" src=\"https:\/\/journalismus-und-mehr.com\/2punkt0\/wp-content\/uploads\/20090321-02-600x315.gif\" alt=\"\" width=\"600\" height=\"315\" srcset=\"https:\/\/journalismus-und-mehr.com\/2punkt0\/wp-content\/uploads\/20090321-02-600x315.gif 600w, https:\/\/journalismus-und-mehr.com\/2punkt0\/wp-content\/uploads\/20090321-02-768x404.gif 768w, https:\/\/journalismus-und-mehr.com\/2punkt0\/wp-content\/uploads\/20090321-02-1024x538.gif 1024w, https:\/\/journalismus-und-mehr.com\/2punkt0\/wp-content\/uploads\/20090321-02-570x300.gif 570w\" sizes=\"auto, (max-width: 600px) 100vw, 600px\" \/><img loading=\"lazy\" decoding=\"async\" class=\"alignnone size-medium wp-image-450\" src=\"https:\/\/journalismus-und-mehr.com\/2punkt0\/wp-content\/uploads\/20090321-03-448x600.gif\" alt=\"\" width=\"448\" height=\"600\" srcset=\"https:\/\/journalismus-und-mehr.com\/2punkt0\/wp-content\/uploads\/20090321-03-448x600.gif 448w, https:\/\/journalismus-und-mehr.com\/2punkt0\/wp-content\/uploads\/20090321-03-768x1030.gif 768w, https:\/\/journalismus-und-mehr.com\/2punkt0\/wp-content\/uploads\/20090321-03-764x1024.gif 764w, https:\/\/journalismus-und-mehr.com\/2punkt0\/wp-content\/uploads\/20090321-03-570x764.gif 570w\" sizes=\"auto, (max-width: 448px) 100vw, 448px\" \/><\/p>\n<\/div>\n","protected":false},"excerpt":{"rendered":"<p>B\u00fccher von Frauen aus verschiedenen L\u00e4ndernDie bevorstehende Europa-Wahl ist ein willkommener Anlass, nach bemerkenswerten Schriftstellerinnen aus europ\u00e4ischen L\u00e4ndern Ausschau zu halten! Lange Zeit galt es nicht als schicklich, dass Frauen publizierten bzw. ihre Texte mit ihrem Namen kennzeichneten. Seit 1901 wurden 105 Literaturpreise vergeben, nur elf davon nicht an M\u00e4nner. In der EU leben 250 [&hellip;]<\/p>\n","protected":false},"author":1,"featured_media":0,"comment_status":"closed","ping_status":"closed","sticky":false,"template":"","format":"standard","meta":{"footnotes":""},"categories":[9],"tags":[],"class_list":{"0":"post-447","1":"post","2":"type-post","3":"status-publish","4":"format-standard","6":"category-rueckblick","7":"czr-hentry"},"_links":{"self":[{"href":"https:\/\/journalismus-und-mehr.com\/2punkt0\/index.php?rest_route=\/wp\/v2\/posts\/447","targetHints":{"allow":["GET"]}}],"collection":[{"href":"https:\/\/journalismus-und-mehr.com\/2punkt0\/index.php?rest_route=\/wp\/v2\/posts"}],"about":[{"href":"https:\/\/journalismus-und-mehr.com\/2punkt0\/index.php?rest_route=\/wp\/v2\/types\/post"}],"author":[{"embeddable":true,"href":"https:\/\/journalismus-und-mehr.com\/2punkt0\/index.php?rest_route=\/wp\/v2\/users\/1"}],"replies":[{"embeddable":true,"href":"https:\/\/journalismus-und-mehr.com\/2punkt0\/index.php?rest_route=%2Fwp%2Fv2%2Fcomments&post=447"}],"version-history":[{"count":2,"href":"https:\/\/journalismus-und-mehr.com\/2punkt0\/index.php?rest_route=\/wp\/v2\/posts\/447\/revisions"}],"predecessor-version":[{"id":591,"href":"https:\/\/journalismus-und-mehr.com\/2punkt0\/index.php?rest_route=\/wp\/v2\/posts\/447\/revisions\/591"}],"wp:attachment":[{"href":"https:\/\/journalismus-und-mehr.com\/2punkt0\/index.php?rest_route=%2Fwp%2Fv2%2Fmedia&parent=447"}],"wp:term":[{"taxonomy":"category","embeddable":true,"href":"https:\/\/journalismus-und-mehr.com\/2punkt0\/index.php?rest_route=%2Fwp%2Fv2%2Fcategories&post=447"},{"taxonomy":"post_tag","embeddable":true,"href":"https:\/\/journalismus-und-mehr.com\/2punkt0\/index.php?rest_route=%2Fwp%2Fv2%2Ftags&post=447"}],"curies":[{"name":"wp","href":"https:\/\/api.w.org\/{rel}","templated":true}]}}