{"id":365,"date":"2018-02-19T15:44:56","date_gmt":"2018-02-19T15:44:56","guid":{"rendered":"https:\/\/journalismus-und-mehr.com\/2punkt0\/?p=365"},"modified":"2019-02-19T16:57:35","modified_gmt":"2019-02-19T16:57:35","slug":"ard-%e2%8b%85-zdf-und-unser-geld","status":"publish","type":"post","link":"https:\/\/journalismus-und-mehr.com\/2punkt0\/?p=365","title":{"rendered":"ARD \u22c5 ZDF und unser Geld"},"content":{"rendered":"<div class=\"buchbox\">\n<img loading=\"lazy\" decoding=\"async\" class=\"alignnone size-full wp-image-366 alignleft\" src=\"https:\/\/journalismus-und-mehr.com\/2punkt0\/wp-content\/uploads\/ardzdf.jpg\" alt=\"\" width=\"213\" height=\"327\" \/>Ghostwriting ist eine Sache des Vertrauens.<br \/>\nSelbstverst\u00e4ndlich ist Diskretion Ehrensache.<\/p>\n<p>Bei \u201eARD \u2022 ZDF und unser Geld\u201c bef\u00fcrwortete der Autor den Hinweis auf meine Mitarbeit.<\/p>\n<p>ARD \u22c5 ZDF und unser Geld<\/p>\n<p><!--more--><\/p>\n<p class=\"link09\">In der ersten Reihe sitzen und Loge bezahlen<br \/>\nWie man bei den Fernsehgeb\u00fchren Geld sparen kann<\/p>\n<p>Ein Buch von Wolfgang Schwab, Enkenbach-Alsenborn<\/p>\n<p>&nbsp;<\/p>\n<p>&nbsp;<\/p>\n<table class=\"link09\">\n<tbody>\n<tr>\n<td>Aus Kapitel 5.4 &#8211; Das Gesch\u00e4ft mit den Geb\u00fchren<\/p>\n<h1 class=\"link09\">Kontrolle mit Herz<\/h1>\n<p>Unterwegs mit Sportsgeist und Jagdinstinkt<\/td>\n<\/tr>\n<\/tbody>\n<\/table>\n<p>&nbsp;<\/p>\n<h4 class=\"link09\">Als der Bauer das Fenster \u00f6ffnete &#8230;<\/h4>\n<p class=\"link09\">Ich hatte zwei ungew\u00f6hnliche Begegnungen, die in keine dieser Schubladen passen und \u00fcber die ich heute noch herzhaft lachen kann:<\/p>\n<p>Eine Szene auf einem Bauernhof. Der Landwirt hatte eine Tochter mit eigenem Einkommen. Als er erfuhr, dass deren Schwarz-Wei\u00df-Fernseher angemeldet werden muss, \u00f6ffnete er das Fenster, nahm das Ger\u00e4t und warf es mit den Worten \u201eDas hat sich ja dann\u201d hinaus. Ich best\u00e4tigte ihm, dass dieses Ger\u00e4t nun nicht mehr geb\u00fchrenpflichtig sei.<\/p>\n<p>Oder der Besuch bei einem Bundeswehroberfeldwebel. Der hatte sein privates Radio in den Dienstraum gestellt, aber nicht angemeldet. Begr\u00fcndung: Dieses Ger\u00e4t sei kostenfrei, weil er nur \u00fcber den Rundfunksender in Kenntnis gesetzt werden w\u00fcrde, wenn der Kriegsfall eintritt.<\/p>\n<table class=\"link09\">\n<tbody>\n<tr>\n<td>Aus Kursorischer \u00dcberblick<br \/>\n&#8211; Einstimmung f\u00fcr Eilige, Leidtragende und Verantwortliche<\/p>\n<h1 class=\"link09\">Nur schlaue Kunden sind \u201eK\u00f6nig\u201d<\/h1>\n<\/td>\n<\/tr>\n<\/tbody>\n<\/table>\n<p>&nbsp;<\/p>\n<p class=\"link09\">\u201eDer Kunde ist K\u00f6nig\u201d &#8211; dieser freundliche Slogan der Marktwirtschaft offenbart nicht, dass ein Kunde erst hinreichend informiert sein muss, bevor er seine Rechte in Anspruch nehmen kann. Und selbst wer wie die Kundschaft des \u00f6ffentlich-rechtlichen Rundfunks \u201ein der ersten Reihe\u201d sitzt, muss noch l\u00e4ngst nicht mit allen notwendigen Informationen f\u00fcr eine clevere Mediennutzung versorgt sein. Auch auf diesem exklusiven Platz verk\u00fcrzt sich f\u00fcr viele Verbraucher die Gesch\u00e4ftsbeziehung zu den Programmlieferanten auf die Formel \u201eerst anmelden, dann einschalten\u201d.<\/p>\n<h4 class=\"link09\">Vertrauen ist gut, Kontrolle ist besser &#8211; das gilt f\u00fcr beide Seiten!<\/h4>\n<p class=\"link09\">Die Kunden bekommen ggf. Besuch vom Rundfunkgeb\u00fchrenbeauftragten &#8211; doch wen k\u00f6nnen sie beauftragen, um Bestimmungen ggf. zu ihren Gunsten zu erhellen, Kritikw\u00fcrdiges ins Rampenlicht zu stellen bzw. kundenfreundlichere Regelungen zu reklamieren? Diesbez\u00fcglich auf die Berichterstattung von Medien \u00fcber Medien zu hoffen, ist selbst f\u00fcr Optimisten keine befriedigende Alternative. Deshalb sollen die hier zusammengetragenen Informationen den \u00dcberblick dar\u00fcber erleichtern, ob sich der geb\u00fchrenfinanzierte Gesch\u00e4ftspartner der Mediennutzer korrekt und\/oder kundenfreundlich verh\u00e4lt. Es geht hier keineswegs um \u201ekrumme Machenschaften\u201d, sondern um teilweise zu wenig bekannte Regelungen, um Ungereimtheiten und Ungerechtigkeiten, um Zweifelhaftes und neue Denkans\u00e4tze.<\/p>\n<p>Kundenfreundlich w\u00e4re es zweifelsohne, wenn die \u00f6ffentlich-rechtlichen Anstalten und ihre Geb\u00fchreneinzugszentrale (GEZ) selbst die Geb\u00fchrenzahler besser informieren w\u00fcrden. Sie reduzieren ihre informelle Bringschuld jedoch auf das, was sie als das wesentlichste einstufen &#8211; es sei denn, es hakt jemand nach. Und &#8211; Hand aufs Herz &#8211; w\u00fcrden Sie bei stets steigendem Finanzbedarf von vorn herein jedem Kunden auf die Nase binden, wie er zu Ihren Lasten Geld sparen kann?<\/p>\n<p>Sich durch Nachfragen schlau zu machen, setzt aber voraus, dass man wei\u00df, wonach es sich zu fragen lohnen k\u00f6nnte. Wenn Sie beispielsweise nicht wissen, dass Sie sich bei einem l\u00e4ngeren Auslandsaufenthalt von der Geb\u00fchrenpflicht vor\u00fcbergehend \u201ebeurlauben\u201d lassen k\u00f6nnen, holen Sie dar\u00fcber auch keine Informationen ein. Und nicht jede Bestimmung oder Regelung eignet sich dazu, \u00fcber einen Werbespot bekannt gemacht zu werden. Das Geflecht aus Zust\u00e4ndigkeiten und Verantwortlichkeiten ist ziemlich verzweigt und verzwickt, weshalb Transparenz nicht so einfach herzustellen ist.<\/p>\n<p>Wir wollen versuchen, die Lekt\u00fcre unserer Informationen zu e r l e i c h t e r n , indem wir<br \/>\na) hier mit einem kursorischen \u00dcberblick beginnen, der Grunds\u00e4tzliches transportiert und einige Hintergr\u00fcnde anrei\u00dft<br \/>\nb) gr\u00f6\u00dferen Kapiteln eine Zusammenfassung voranstellen (f\u00fcr besonders eilige Leser)<br \/>\nc) nicht unbedingt auf Vollst\u00e4ndigkeit versessen sind, sondern ggf. darauf verweisen \u201eWas noch fehlt\u201d<\/p>\n<p>Dabei wollen wir nicht verhehlen, dass es sich immer wieder auch &#8211; aber nicht nur &#8211; um Bewertungsfragen handelt. In dem komplexen Gef\u00fcge der Geb\u00fchrenpolitik suchen wir nach Antworten auf die Frage: Was ist fair?<\/p>\n<p>Fair &#8211; f\u00fcr wen? Zuvorderst nehmen wir die Verbraucher in den Blick, was aber nicht hei\u00dft, dass wir \u00fcbergeordneten Belangen und Interessen keine Beachtung schenken. Auch unterschiedliche Standpunkte tragen unseres Erachtens dazu bei, den Diskurs weiterzutragen, so dass wir sie an einigen Stellen herausarbeiten werden.<\/p>\n<\/div>\n","protected":false},"excerpt":{"rendered":"<p>Ghostwriting ist eine Sache des Vertrauens. Selbstverst\u00e4ndlich ist Diskretion Ehrensache. Bei \u201eARD \u2022 ZDF und unser Geld\u201c bef\u00fcrwortete der Autor den Hinweis auf meine Mitarbeit. ARD \u22c5 ZDF und unser Geld<\/p>\n","protected":false},"author":1,"featured_media":366,"comment_status":"closed","ping_status":"closed","sticky":false,"template":"","format":"standard","meta":{"footnotes":""},"categories":[8],"tags":[],"class_list":{"0":"post-365","1":"post","2":"type-post","3":"status-publish","4":"format-standard","5":"has-post-thumbnail","7":"category-aus-meinem-spektrum","8":"czr-hentry"},"_links":{"self":[{"href":"https:\/\/journalismus-und-mehr.com\/2punkt0\/index.php?rest_route=\/wp\/v2\/posts\/365","targetHints":{"allow":["GET"]}}],"collection":[{"href":"https:\/\/journalismus-und-mehr.com\/2punkt0\/index.php?rest_route=\/wp\/v2\/posts"}],"about":[{"href":"https:\/\/journalismus-und-mehr.com\/2punkt0\/index.php?rest_route=\/wp\/v2\/types\/post"}],"author":[{"embeddable":true,"href":"https:\/\/journalismus-und-mehr.com\/2punkt0\/index.php?rest_route=\/wp\/v2\/users\/1"}],"replies":[{"embeddable":true,"href":"https:\/\/journalismus-und-mehr.com\/2punkt0\/index.php?rest_route=%2Fwp%2Fv2%2Fcomments&post=365"}],"version-history":[{"count":3,"href":"https:\/\/journalismus-und-mehr.com\/2punkt0\/index.php?rest_route=\/wp\/v2\/posts\/365\/revisions"}],"predecessor-version":[{"id":369,"href":"https:\/\/journalismus-und-mehr.com\/2punkt0\/index.php?rest_route=\/wp\/v2\/posts\/365\/revisions\/369"}],"wp:featuredmedia":[{"embeddable":true,"href":"https:\/\/journalismus-und-mehr.com\/2punkt0\/index.php?rest_route=\/wp\/v2\/media\/366"}],"wp:attachment":[{"href":"https:\/\/journalismus-und-mehr.com\/2punkt0\/index.php?rest_route=%2Fwp%2Fv2%2Fmedia&parent=365"}],"wp:term":[{"taxonomy":"category","embeddable":true,"href":"https:\/\/journalismus-und-mehr.com\/2punkt0\/index.php?rest_route=%2Fwp%2Fv2%2Fcategories&post=365"},{"taxonomy":"post_tag","embeddable":true,"href":"https:\/\/journalismus-und-mehr.com\/2punkt0\/index.php?rest_route=%2Fwp%2Fv2%2Ftags&post=365"}],"curies":[{"name":"wp","href":"https:\/\/api.w.org\/{rel}","templated":true}]}}