{"id":1039,"date":"2024-01-15T20:43:16","date_gmt":"2024-01-15T20:43:16","guid":{"rendered":"https:\/\/journalismus-und-mehr.com\/2punkt0\/?p=1039"},"modified":"2024-01-15T20:43:17","modified_gmt":"2024-01-15T20:43:17","slug":"schreiben-das-geht-immer","status":"publish","type":"post","link":"https:\/\/journalismus-und-mehr.com\/2punkt0\/?p=1039","title":{"rendered":"Schreiben? Das geht immer!"},"content":{"rendered":"\n<p>Eindr\u00fccke aus dem Alltag, Erinnerungen oder Fiktion &#8211; wir g\u00f6nnen uns ein buntes Allerlei an \u00dcbungen und probieren verschiedene Perspektiven aus, nehmen Stimmungen und Kulissen aufs Korn. Ein Kurs mit vielf\u00e4ltigen Anregungen f\u00fcr alle, die gern Kurztexte zu Papier bringen \u2013 sowohl Anf\u00e4nger:innen als auch Fortgeschrittene.<\/p>\n\n\n\n<p><strong>VHS Schorndorf<\/strong><\/p>\n\n\n\n<p>05.6. \/ 19.6. \/ 03.7. \/ 17.7.<\/p>\n\n\n\n<p>jeweils Mittwoch, 18.30 \u2013 20.45 Uhr<\/p>\n","protected":false},"excerpt":{"rendered":"<p>Eindr\u00fccke aus dem Alltag, Erinnerungen oder Fiktion &#8211; wir g\u00f6nnen uns ein buntes Allerlei an \u00dcbungen und probieren verschiedene Perspektiven aus, nehmen Stimmungen und Kulissen aufs Korn. Ein Kurs mit vielf\u00e4ltigen Anregungen f\u00fcr alle, die gern Kurztexte zu Papier bringen \u2013 sowohl Anf\u00e4nger:innen als auch Fortgeschrittene. VHS Schorndorf 05.6. \/ 19.6. \/ 03.7. \/ 17.7. [&hellip;]<\/p>\n","protected":false},"author":1,"featured_media":0,"comment_status":"closed","ping_status":"closed","sticky":false,"template":"","format":"standard","meta":{"footnotes":""},"categories":[6],"tags":[],"class_list":{"0":"post-1039","1":"post","2":"type-post","3":"status-publish","4":"format-standard","6":"category-veranstaltungen","7":"czr-hentry"},"_links":{"self":[{"href":"https:\/\/journalismus-und-mehr.com\/2punkt0\/index.php?rest_route=\/wp\/v2\/posts\/1039","targetHints":{"allow":["GET"]}}],"collection":[{"href":"https:\/\/journalismus-und-mehr.com\/2punkt0\/index.php?rest_route=\/wp\/v2\/posts"}],"about":[{"href":"https:\/\/journalismus-und-mehr.com\/2punkt0\/index.php?rest_route=\/wp\/v2\/types\/post"}],"author":[{"embeddable":true,"href":"https:\/\/journalismus-und-mehr.com\/2punkt0\/index.php?rest_route=\/wp\/v2\/users\/1"}],"replies":[{"embeddable":true,"href":"https:\/\/journalismus-und-mehr.com\/2punkt0\/index.php?rest_route=%2Fwp%2Fv2%2Fcomments&post=1039"}],"version-history":[{"count":1,"href":"https:\/\/journalismus-und-mehr.com\/2punkt0\/index.php?rest_route=\/wp\/v2\/posts\/1039\/revisions"}],"predecessor-version":[{"id":1040,"href":"https:\/\/journalismus-und-mehr.com\/2punkt0\/index.php?rest_route=\/wp\/v2\/posts\/1039\/revisions\/1040"}],"wp:attachment":[{"href":"https:\/\/journalismus-und-mehr.com\/2punkt0\/index.php?rest_route=%2Fwp%2Fv2%2Fmedia&parent=1039"}],"wp:term":[{"taxonomy":"category","embeddable":true,"href":"https:\/\/journalismus-und-mehr.com\/2punkt0\/index.php?rest_route=%2Fwp%2Fv2%2Fcategories&post=1039"},{"taxonomy":"post_tag","embeddable":true,"href":"https:\/\/journalismus-und-mehr.com\/2punkt0\/index.php?rest_route=%2Fwp%2Fv2%2Ftags&post=1039"}],"curies":[{"name":"wp","href":"https:\/\/api.w.org\/{rel}","templated":true}]}}